{"id":30269,"date":"2013-12-22T10:09:54","date_gmt":"2013-12-22T09:09:54","guid":{"rendered":"http:\/\/josjos.se\/blog\/?p=30269"},"modified":"2013-12-22T10:09:54","modified_gmt":"2013-12-22T09:09:54","slug":"barnmossa","status":"publish","type":"post","link":"https:\/\/www.josjos.se\/blog\/2013\/12\/22\/barnmossa\/","title":{"rendered":"Barnm\u00f6ssa"},"content":{"rendered":"<p><a href=\"https:\/\/i0.wp.com\/josjos.se\/blog\/wp-content\/uploads\/2013\/12\/IMG_2029.jpg\"><img data-recalc-dims=\"1\" loading=\"lazy\" decoding=\"async\" class=\"alignright size-medium wp-image-30270\" alt=\"IMG_2029\" src=\"https:\/\/i0.wp.com\/josjos.se\/blog\/wp-content\/uploads\/2013\/12\/IMG_2029-265x206.jpg?resize=265%2C206\" width=\"265\" height=\"206\" \/><\/a>V\u00e5r st\u00e4dfirma har som policy att man har samma st\u00e4derska hela tiden. V\u00e5r heter Karina och vi \u00e4r supern\u00f6jda. Vi tr\u00e4ffar henne dock v\u00e4ldigt s\u00e4llan, men jag tror f\u00f6rsta g\u00e5ngen hon var h\u00e4r sj\u00e4lv s\u00e5 hann vi prata lite kort och hon ber\u00e4ttade att hennes barn just b\u00f6rjat p\u00e5 dagis och var precis 1 \u00e5r gamma.<\/p>\n<p>Kom under h\u00f6sten p\u00e5 att jag ville ge henne n\u00e5got och en barnm\u00f6ssa \u00e4r en perfekt sak k\u00e4nde jag. V\u00e5ndades dock \u00f6ver att jag inte visste om det var en pojke eller flicka. Sen retade det migatt \u00a0jag \u00f6ver huvudtaget brydde mig om vilket k\u00f6n. S\u00e5 jag tog faktiskt inte reda p\u00e5 det utan valde ett tyg som jag gillade, och som jag hade en perfekt liten bit \u00f6ver av.<\/p>\n<p><strong>Mottagare<\/strong>: Karinas barn<br \/>\n<strong>M\u00f6nster<\/strong>: Mitt egna<strong><br \/>\n<\/strong><strong>Material<\/strong>: \u00a0Jersey med Imse Vimse spindel\u00a0<a href=\"http:\/\/josjos.se\/blog\/2011\/11\/09\/tyginkop-pa-syfestivalen\/\">fr\u00e5n Liandlo<\/a>\u00a0som jag k\u00f6pte p\u00e5 syfestivalen f\u00f6r drygt tv\u00e5 \u00e5r sen.<a href=\"http:\/\/josjos.se\/blog\/2012\/10\/18\/halloweentyg\/\"><br \/>\n<\/a><\/p>\n","protected":false},"excerpt":{"rendered":"<p>V\u00e5r st\u00e4dfirma har som policy att man har samma st\u00e4derska hela tiden. V\u00e5r heter Karina och vi \u00e4r supern\u00f6jda. Vi tr\u00e4ffar henne dock v\u00e4ldigt s\u00e4llan, men jag tror f\u00f6rsta g\u00e5ngen hon var h\u00e4r sj\u00e4lv s\u00e5 hann vi prata lite kort och hon ber\u00e4ttade att hennes barn just b\u00f6rjat p\u00e5 dagis och var precis 1 \u00e5r [&hellip;]<\/p>\n","protected":false},"author":2,"featured_media":0,"comment_status":"open","ping_status":"open","sticky":false,"template":"","format":"standard","meta":{"_jetpack_newsletter_access":"","_jetpack_dont_email_post_to_subs":false,"_jetpack_newsletter_tier_id":0,"_jetpack_memberships_contains_paywalled_content":false,"_jetpack_feature_clip_id":0,"_jetpack_memberships_contains_paid_content":false,"footnotes":"","jetpack_post_was_ever_published":false},"categories":[6],"tags":[1189,1087,160],"class_list":["post-30269","post","type-post","status-publish","format-standard","hentry","category-vardagen","tag-barnklader","tag-mossa","tag-sy"],"jetpack_sharing_enabled":true,"jetpack_featured_media_url":"","_links":{"self":[{"href":"https:\/\/www.josjos.se\/blog\/wp-json\/wp\/v2\/posts\/30269","targetHints":{"allow":["GET"]}}],"collection":[{"href":"https:\/\/www.josjos.se\/blog\/wp-json\/wp\/v2\/posts"}],"about":[{"href":"https:\/\/www.josjos.se\/blog\/wp-json\/wp\/v2\/types\/post"}],"author":[{"embeddable":true,"href":"https:\/\/www.josjos.se\/blog\/wp-json\/wp\/v2\/users\/2"}],"replies":[{"embeddable":true,"href":"https:\/\/www.josjos.se\/blog\/wp-json\/wp\/v2\/comments?post=30269"}],"version-history":[{"count":0,"href":"https:\/\/www.josjos.se\/blog\/wp-json\/wp\/v2\/posts\/30269\/revisions"}],"wp:attachment":[{"href":"https:\/\/www.josjos.se\/blog\/wp-json\/wp\/v2\/media?parent=30269"}],"wp:term":[{"taxonomy":"category","embeddable":true,"href":"https:\/\/www.josjos.se\/blog\/wp-json\/wp\/v2\/categories?post=30269"},{"taxonomy":"post_tag","embeddable":true,"href":"https:\/\/www.josjos.se\/blog\/wp-json\/wp\/v2\/tags?post=30269"}],"curies":[{"name":"wp","href":"https:\/\/api.w.org\/{rel}","templated":true}]}}