{"id":30295,"date":"2013-12-21T22:43:21","date_gmt":"2013-12-21T21:43:21","guid":{"rendered":"http:\/\/josjos.se\/blog\/?p=30295"},"modified":"2013-12-21T22:43:21","modified_gmt":"2013-12-21T21:43:21","slug":"lasning-2014","status":"publish","type":"post","link":"https:\/\/www.josjos.se\/blog\/2013\/12\/21\/lasning-2014\/","title":{"rendered":"L\u00e4sning 2014"},"content":{"rendered":"<p><a href=\"http:\/\/alkb.se\/bokbloggsjerka-20-23-december\">I veckans Jerka<\/a> undrar Annika om n\u00e4sta \u00e5r.<\/p>\n<blockquote><p>Den sj\u00e4lvklara fr\u00e5gan torde nog vara vad ni \u00f6nskar er i julklapp, men det f\u00f6ruts\u00e4gbara \u00e4r en aning tr\u00e5kigt tycker jag. D\u00e4rf\u00f6r t\u00e4nkte jag grilla er i \u00e4mnet om vad som kommer att bli ert bokliga l\u00f6fte 2014.<\/p><\/blockquote>\n<p>Detta \u00e4r n\u00e5got jag funderat en del p\u00e5. Hur ska jag g\u00f6ra f\u00f6r att l\u00e4sa allt jag vill l\u00e4sa? Jag har varit usel p\u00e5 att prioritera l\u00e4sning under 2013. Varit b\u00e4ttre p\u00e5 att inte \u00f6nska recensionsexemplar men jag har \u00e4nd\u00e5 ett par som jag inte hunnit l\u00e4sa. K\u00f6pt b\u00f6cker har jag dock gjort. Kanske mest barnb\u00f6cker faktiskt s\u00e5 nu b\u00f6rjar vi f\u00e5 en fin samling kapitelb\u00f6cker och jag skulle kunna k\u00f6pa hur m\u00e5nga till som helst. Det finns ju s\u00e5 m\u00e5nga bra!<\/p>\n<p><strong>L\u00e4sa klart<\/strong>. Jag ska l\u00e4sa klart b\u00f6cker jag vill l\u00e4sa n\u00e4r jag v\u00e4l b\u00f6rjat. Har en tendens att b\u00f6rja p\u00e5 s\u00e5 m\u00e5nga ist\u00e4llet f\u00f6r att slutf\u00f6ra dem. Alternativt kan jag s\u00e5klart best\u00e4mma att jag inte ska l\u00e4sa klart boken alls, men det \u00e4r v\u00e4ldigt s\u00e4llan jag vill g\u00f6ra s\u00e5. S\u00e5ledes har jag ett g\u00e4ng som jag ska l\u00e4sa klart redan nu. Kanske ska ha det som jullovsm\u00e5l?<\/p>\n<p><strong>Prioritera l\u00e4sning<\/strong>. L\u00e4sa bok minst ena v\u00e4gen till\/fr\u00e5n jobbet. L\u00e4sa en kort sv\u00e4ng f\u00f6re jag somnar. N\u00e4r jag v\u00e4l kommer in i att l\u00e4sa \u00e4r det mycket l\u00e4ttare att sen prioritera det \u00f6ver annat.<\/p>\n","protected":false},"excerpt":{"rendered":"<p>I veckans Jerka undrar Annika om n\u00e4sta \u00e5r. Den sj\u00e4lvklara fr\u00e5gan torde nog vara vad ni \u00f6nskar er i julklapp, men det f\u00f6ruts\u00e4gbara \u00e4r en aning tr\u00e5kigt tycker jag. D\u00e4rf\u00f6r t\u00e4nkte jag grilla er i \u00e4mnet om vad som kommer att bli ert bokliga l\u00f6fte 2014. Detta \u00e4r n\u00e5got jag funderat en del p\u00e5. Hur [&hellip;]<\/p>\n","protected":false},"author":2,"featured_media":0,"comment_status":"open","ping_status":"open","sticky":false,"template":"","format":"standard","meta":{"_jetpack_newsletter_access":"","_jetpack_dont_email_post_to_subs":false,"_jetpack_newsletter_tier_id":0,"_jetpack_memberships_contains_paywalled_content":false,"_jetpack_feature_clip_id":0,"_jetpack_memberships_contains_paid_content":false,"footnotes":"","jetpack_post_was_ever_published":false},"categories":[6],"tags":[30,1650],"class_list":["post-30295","post","type-post","status-publish","format-standard","hentry","category-vardagen","tag-bocker","tag-bokjerka"],"jetpack_sharing_enabled":true,"jetpack_featured_media_url":"","_links":{"self":[{"href":"https:\/\/www.josjos.se\/blog\/wp-json\/wp\/v2\/posts\/30295","targetHints":{"allow":["GET"]}}],"collection":[{"href":"https:\/\/www.josjos.se\/blog\/wp-json\/wp\/v2\/posts"}],"about":[{"href":"https:\/\/www.josjos.se\/blog\/wp-json\/wp\/v2\/types\/post"}],"author":[{"embeddable":true,"href":"https:\/\/www.josjos.se\/blog\/wp-json\/wp\/v2\/users\/2"}],"replies":[{"embeddable":true,"href":"https:\/\/www.josjos.se\/blog\/wp-json\/wp\/v2\/comments?post=30295"}],"version-history":[{"count":0,"href":"https:\/\/www.josjos.se\/blog\/wp-json\/wp\/v2\/posts\/30295\/revisions"}],"wp:attachment":[{"href":"https:\/\/www.josjos.se\/blog\/wp-json\/wp\/v2\/media?parent=30295"}],"wp:term":[{"taxonomy":"category","embeddable":true,"href":"https:\/\/www.josjos.se\/blog\/wp-json\/wp\/v2\/categories?post=30295"},{"taxonomy":"post_tag","embeddable":true,"href":"https:\/\/www.josjos.se\/blog\/wp-json\/wp\/v2\/tags?post=30295"}],"curies":[{"name":"wp","href":"https:\/\/api.w.org\/{rel}","templated":true}]}}