{"id":59622,"date":"2026-08-29T11:19:18","date_gmt":"2026-08-29T09:19:18","guid":{"rendered":"https:\/\/www.josjos.se\/blog\/?p=59622"},"modified":"2026-08-29T11:19:18","modified_gmt":"2026-08-29T09:19:18","slug":"fem-en-fredag-av-bara-farten","status":"publish","type":"post","link":"https:\/\/www.josjos.se\/blog\/2026\/08\/29\/fem-en-fredag-av-bara-farten\/","title":{"rendered":"Fem en fredag &#8211; av bara farten"},"content":{"rendered":"<p>Vardagen \u00e4r verkligen h\u00e4r \u00e4ven om v\u00e5r vardag k\u00e4nns lite som sommar eftersom &#8220;barnen&#8221; inte har n\u00e5gon skola nu. Den h\u00e4r veckan undrar <a href=\"https:\/\/www.elisamatilda.se\/\">Elisa<\/a> om <a href=\"https:\/\/www.elisamatilda.se\/fem-en-fredag-v-35-av-bara-farten\/\">av bara farten<\/a>.<\/p>\n<p>Jag kastar mig \u00f6ver fr\u00e5gorna s\u00e5 h\u00e4r p\u00e5 l\u00f6rdagen.<\/p>\n<ol class=\"wp-block-list\">\n<li><em>Vad \u00e4r det f\u00f6rsta du t\u00e4nker p\u00e5 n\u00e4r du h\u00f6r \u201dhelg\u201d?<\/em><br \/>\nInga m\u00e5sten!<\/li>\n<li><em>Vad f\u00e5r dig att t\u00e4nka \u201ddet h\u00e4r var v\u00e4rt det\u201d?<\/em><br \/>\nN\u00e4r jag g\u00f6r n\u00e5got jag l\u00e4ngat efter att f\u00e5 gjort, inte n\u00f6dv\u00e4ndigtvis g\u00f6ra&#8230;<\/li>\n<li><em>Vad \u00e4r du g\u00e4rna tidig till?<\/em><br \/>\nDet mesta. Ogillar v\u00e4ldigt mycket att komma sent till saker.<\/li>\n<li><em>Vad \u00e4r en sak du aldrig riktigt l\u00e4r dig?<\/em><br \/>\nHur el funkar, hur olika kommunikationss\u00e4tt funkar p\u00e5 riktigt (telefon, internet etc). Kan lixom inte ta in att jag kan sitta vid en sk\u00e4rm och prata med m\u00e4nniskor som fysiskt befinner sig p\u00e5 andra sidan klotet. Trots att jag jobbar med it-system.<\/li>\n<li><em>Vad \u00e4r det mest vuxna du g\u00f6r?<\/em><br \/>\nPratar sjukdomar? Fast det kanske till och med \u00e4r n\u00e4sta fas&#8230;<\/li>\n<\/ol>\n<p>Som vanligt roliga fr\u00e5gor som f\u00e5r mig att fundera lite extra.<\/p>\n","protected":false},"excerpt":{"rendered":"<p>Vardagen \u00e4r verkligen h\u00e4r \u00e4ven om v\u00e5r vardag k\u00e4nns lite som sommar eftersom &#8220;barnen&#8221; inte har n\u00e5gon skola nu. Den h\u00e4r veckan undrar Elisa om av bara farten. Jag kastar mig \u00f6ver fr\u00e5gorna s\u00e5 h\u00e4r p\u00e5 l\u00f6rdagen. Vad \u00e4r det f\u00f6rsta du t\u00e4nker p\u00e5 n\u00e4r du h\u00f6r \u201dhelg\u201d? Inga m\u00e5sten! Vad f\u00e5r dig att t\u00e4nka [&hellip;]<\/p>\n","protected":false},"author":2,"featured_media":0,"comment_status":"open","ping_status":"open","sticky":false,"template":"","format":"standard","meta":{"_jetpack_newsletter_access":"","_jetpack_dont_email_post_to_subs":false,"_jetpack_newsletter_tier_id":0,"_jetpack_memberships_contains_paywalled_content":false,"_jetpack_feature_clip_id":0,"_jetpack_memberships_contains_paid_content":false,"footnotes":"","jetpack_post_was_ever_published":false},"categories":[6],"tags":[134,4789],"class_list":["post-59622","post","type-post","status-publish","format-standard","hentry","category-vardagen","tag-dagens-lista","tag-fem-en-fredag"],"jetpack_sharing_enabled":true,"jetpack_featured_media_url":"","_links":{"self":[{"href":"https:\/\/www.josjos.se\/blog\/wp-json\/wp\/v2\/posts\/59622","targetHints":{"allow":["GET"]}}],"collection":[{"href":"https:\/\/www.josjos.se\/blog\/wp-json\/wp\/v2\/posts"}],"about":[{"href":"https:\/\/www.josjos.se\/blog\/wp-json\/wp\/v2\/types\/post"}],"author":[{"embeddable":true,"href":"https:\/\/www.josjos.se\/blog\/wp-json\/wp\/v2\/users\/2"}],"replies":[{"embeddable":true,"href":"https:\/\/www.josjos.se\/blog\/wp-json\/wp\/v2\/comments?post=59622"}],"version-history":[{"count":1,"href":"https:\/\/www.josjos.se\/blog\/wp-json\/wp\/v2\/posts\/59622\/revisions"}],"predecessor-version":[{"id":59623,"href":"https:\/\/www.josjos.se\/blog\/wp-json\/wp\/v2\/posts\/59622\/revisions\/59623"}],"wp:attachment":[{"href":"https:\/\/www.josjos.se\/blog\/wp-json\/wp\/v2\/media?parent=59622"}],"wp:term":[{"taxonomy":"category","embeddable":true,"href":"https:\/\/www.josjos.se\/blog\/wp-json\/wp\/v2\/categories?post=59622"},{"taxonomy":"post_tag","embeddable":true,"href":"https:\/\/www.josjos.se\/blog\/wp-json\/wp\/v2\/tags?post=59622"}],"curies":[{"name":"wp","href":"https:\/\/api.w.org\/{rel}","templated":true}]}}