{"id":59624,"date":"2026-08-29T11:35:16","date_gmt":"2026-08-29T09:35:16","guid":{"rendered":"https:\/\/www.josjos.se\/blog\/?p=59624"},"modified":"2026-08-29T11:35:16","modified_gmt":"2026-08-29T09:35:16","slug":"mer-picknick-med-sjoutsikt","status":"publish","type":"post","link":"https:\/\/www.josjos.se\/blog\/2026\/08\/29\/mer-picknick-med-sjoutsikt\/","title":{"rendered":"Mer picknick med sj\u00f6utsikt"},"content":{"rendered":"<p>Ig\u00e5r fick jag och Sara till en tr\u00e4ff. Hon \u00e4r i stan ett tag och hade kv\u00e4llen fri och var sugen p\u00e5 att spana in v\u00e5r campervan.<\/p>\n<p>Jag plockade upp henne vid tunnelbanan efter att ha packat med lite olika saker blanda annat i min egentillverkade korg. Fick v\u00e4nta en kort stund s\u00e5 d\u00e5 passade jag p\u00e5 att st\u00e4lla in klockan i bilen (n\u00e5got jag retat mig p\u00e5 varje g\u00e5ng jag k\u00f6rt men sen gl\u00f6mt bort).<\/p>\n<p>Vi drog till en plats i Tyres\u00f6 vi <a href=\"https:\/\/www.josjos.se\/blog\/2026\/07\/07\/testat-camperkoket\/\">var med familjen i somras<\/a>. Eftersom v\u00e4dret var lite bl\u00e5sigt var vi typ ensamma. Vi preppade lite i campern och snackade. Jag hade med hembakta frallor, sallad, sm\u00f6r, skinka och ost, och lite annat att \u00e4ta p\u00e5. Sara hade med lite frukter som hon skar upp till fruktsallad.<\/p>\n<p>Sen knallade vi ner till vattnet och hittade en fin plats med klippor som ryggst\u00f6d och utsikt \u00f6ver vattnet. Vi \u00e5t och nj\u00f6t. Otroligt gott med fruktsallad och fj\u00e4llfil med hallon och vinb\u00e4r. Mackorna var verkligen inte fel heller.<\/p>\n<p>Vi snackade om h\u00f6gt och l\u00e5gt. Hur livet kan vara r\u00e4tt utmanande och att man alltid ska ha en delikatoboll hemma. Hur vi b\u00e5da gladeligen ofamnar v\u00e5ra inre tanter som tar mer och mer plats i v\u00e5ra liv. Hurra!<\/p>\n<p>N\u00e4r det b\u00f6rjade bli lite kyligt gick vi tillbaka till campern och t\u00e4nde n\u00e5gra ljus. Satt och snackade lite till innan det blev lite m\u00f6rkt och jag k\u00f6rde henne till Gullmarsplan.<\/p>\n<p>K\u00e4ndes otroligt lyxigt att den h\u00e4r bilen \u00e4r v\u00e5r. Att jag kan ta den n\u00e4r jag vill och dra iv\u00e4g. Tror inte jag fattat det riktigt trots att vi snart haft den i fyra m\u00e5nader!<\/p>\n<p><a href=\"https:\/\/i0.wp.com\/www.josjos.se\/blog\/wp-content\/uploads\/2026\/08\/Picknick-med-Sara.jpg?ssl=1\"><img data-recalc-dims=\"1\" loading=\"lazy\" decoding=\"async\" class=\"alignnone size-large wp-image-59625\" src=\"https:\/\/i0.wp.com\/www.josjos.se\/blog\/wp-content\/uploads\/2026\/08\/Picknick-med-Sara.jpg?resize=445%2C278&#038;ssl=1\" alt=\"\" width=\"445\" height=\"278\" srcset=\"https:\/\/i0.wp.com\/www.josjos.se\/blog\/wp-content\/uploads\/2026\/08\/Picknick-med-Sara.jpg?resize=445%2C278&amp;ssl=1 445w, https:\/\/i0.wp.com\/www.josjos.se\/blog\/wp-content\/uploads\/2026\/08\/Picknick-med-Sara.jpg?resize=300%2C188&amp;ssl=1 300w, https:\/\/i0.wp.com\/www.josjos.se\/blog\/wp-content\/uploads\/2026\/08\/Picknick-med-Sara.jpg?resize=128%2C80&amp;ssl=1 128w, https:\/\/i0.wp.com\/www.josjos.se\/blog\/wp-content\/uploads\/2026\/08\/Picknick-med-Sara.jpg?resize=768%2C480&amp;ssl=1 768w, https:\/\/i0.wp.com\/www.josjos.se\/blog\/wp-content\/uploads\/2026\/08\/Picknick-med-Sara.jpg?resize=1536%2C960&amp;ssl=1 1536w, https:\/\/i0.wp.com\/www.josjos.se\/blog\/wp-content\/uploads\/2026\/08\/Picknick-med-Sara.jpg?w=1600&amp;ssl=1 1600w\" sizes=\"auto, (max-width: 445px) 100vw, 445px\" \/><\/a><\/p>\n","protected":false},"excerpt":{"rendered":"<p>Ig\u00e5r fick jag och Sara till en tr\u00e4ff. Hon \u00e4r i stan ett tag och hade kv\u00e4llen fri och var sugen p\u00e5 att spana in v\u00e5r campervan. Jag plockade upp henne vid tunnelbanan efter att ha packat med lite olika saker blanda annat i min egentillverkade korg. Fick v\u00e4nta en kort stund s\u00e5 d\u00e5 passade [&hellip;]<\/p>\n","protected":false},"author":2,"featured_media":0,"comment_status":"open","ping_status":"open","sticky":false,"template":"","format":"standard","meta":{"_jetpack_newsletter_access":"","_jetpack_dont_email_post_to_subs":false,"_jetpack_newsletter_tier_id":0,"_jetpack_memberships_contains_paywalled_content":false,"_jetpack_feature_clip_id":0,"_jetpack_memberships_contains_paid_content":false,"footnotes":"","jetpack_post_was_ever_published":false},"categories":[6],"tags":[4874,4876,748,2155],"class_list":["post-59624","post","type-post","status-publish","format-standard","hentry","category-vardagen","tag-campervan","tag-mumin","tag-picknick","tag-sara"],"jetpack_sharing_enabled":true,"jetpack_featured_media_url":"","_links":{"self":[{"href":"https:\/\/www.josjos.se\/blog\/wp-json\/wp\/v2\/posts\/59624","targetHints":{"allow":["GET"]}}],"collection":[{"href":"https:\/\/www.josjos.se\/blog\/wp-json\/wp\/v2\/posts"}],"about":[{"href":"https:\/\/www.josjos.se\/blog\/wp-json\/wp\/v2\/types\/post"}],"author":[{"embeddable":true,"href":"https:\/\/www.josjos.se\/blog\/wp-json\/wp\/v2\/users\/2"}],"replies":[{"embeddable":true,"href":"https:\/\/www.josjos.se\/blog\/wp-json\/wp\/v2\/comments?post=59624"}],"version-history":[{"count":1,"href":"https:\/\/www.josjos.se\/blog\/wp-json\/wp\/v2\/posts\/59624\/revisions"}],"predecessor-version":[{"id":59626,"href":"https:\/\/www.josjos.se\/blog\/wp-json\/wp\/v2\/posts\/59624\/revisions\/59626"}],"wp:attachment":[{"href":"https:\/\/www.josjos.se\/blog\/wp-json\/wp\/v2\/media?parent=59624"}],"wp:term":[{"taxonomy":"category","embeddable":true,"href":"https:\/\/www.josjos.se\/blog\/wp-json\/wp\/v2\/categories?post=59624"},{"taxonomy":"post_tag","embeddable":true,"href":"https:\/\/www.josjos.se\/blog\/wp-json\/wp\/v2\/tags?post=59624"}],"curies":[{"name":"wp","href":"https:\/\/api.w.org\/{rel}","templated":true}]}}